[{"@context":"https:\/\/schema.org\/","@type":"Article","@id":"https:\/\/www.gentoo.cz\/co-je-u-stehovani-v-praze-nejvetsi-problem\/#Article","mainEntityOfPage":"https:\/\/www.gentoo.cz\/co-je-u-stehovani-v-praze-nejvetsi-problem\/","headline":"Co je u st\u011bhov\u00e1n\u00ed v Praze nejv\u011bt\u0161\u00ed probl\u00e9m","name":"Co je u st\u011bhov\u00e1n\u00ed v Praze nejv\u011bt\u0161\u00ed probl\u00e9m","description":"Obr\u00e1t\u00edte-li se na st\u011bhovac\u00ed firmu, kter\u00e1 sv\u00e9 slu\u017eby prezentuje v dobr\u00e9m sv\u011btle mnoha referenc\u00ed, a [&hellip;]","datePublished":"2021-12-31","dateModified":"2023-05-04","author":{"@type":"Person","@id":"https:\/\/www.gentoo.cz\/author\/devene\/#Person","name":"devene","url":"https:\/\/www.gentoo.cz\/author\/devene\/","identifier":1,"image":{"@type":"ImageObject","@id":"https:\/\/secure.gravatar.com\/avatar\/9514fe8d0d5bc6f8b5e285c47f6d71536ab35446ffb077fff11f6ca1fa8b00ce?s=96&d=mm&r=g","url":"https:\/\/secure.gravatar.com\/avatar\/9514fe8d0d5bc6f8b5e285c47f6d71536ab35446ffb077fff11f6ca1fa8b00ce?s=96&d=mm&r=g","height":96,"width":96}},"publisher":{"@type":"Organization","name":"gentoo.cz","logo":{"@type":"ImageObject","@id":"\/logo.png","url":"\/logo.png","width":600,"height":60}},"image":{"@type":"ImageObject","@id":"https:\/\/www.gentoo.cz\/wp-content\/uploads\/box-gf17cfa434_640.png","url":"https:\/\/www.gentoo.cz\/wp-content\/uploads\/box-gf17cfa434_640.png","height":0,"width":0},"url":"https:\/\/www.gentoo.cz\/co-je-u-stehovani-v-praze-nejvetsi-problem\/","about":["Zbo\u017e\u00ed"],"wordCount":465,"articleBody":"   Obr\u00e1t\u00edte-li se na st\u011bhovac\u00ed firmu, kter\u00e1 sv\u00e9 slu\u017eby prezentuje v dobr\u00e9m sv\u011btle mnoha referenc\u00ed, a vyb\u00edr\u00e1te-li term\u00edn st\u011bhov\u00e1n\u00ed v Praze v p\u0159edstihu (ide\u00e1ln\u011b \u010dty\u0159i a\u017e \u0161est t\u00fddn\u016f), m\u016f\u017eete velk\u00fd pod\u00edl starost\u00ed hodit doslova za hlavu. Problematick\u00e9 jsou zejm\u00e9na velmi objemn\u00e1 a t\u011b\u017ek\u00e1 b\u0159emena, s nimi\u017e byste obt\u00ed\u017en\u011b sch\u00e1zeli po schodech nebo je p\u0159epravovali n\u00e1kladn\u00edm v\u00fdtahem, a jist\u00fdm pomysln\u00fdm \u201etrnem v oku\u201c je i rozeb\u00edrateln\u00fd n\u00e1bytek. St\u011bhovac\u00ed firmy maj\u00ed v popisu pr\u00e1ce mont\u00e1\u017en\u00ed pr\u00e1ce u v\u0161ech typ\u016f n\u00e1bytkov\u00fdch \u0159e\u0161en\u00ed po\u010d\u00ednaje stoly a kon\u010de kuchy\u0148sk\u00fdmi sestavami \u010di sk\u0159\u00edn\u011bmi na m\u00edru, dvojl\u016f\u017eky nebo palandami. P\u0159ece jen jsou v\u0161ak ur\u010dit\u00e9 situace, kter\u00e9 st\u011bhov\u00e1ci za v\u00e1s nevy\u0159e\u0161\u00ed, a vy se s nimi mus\u00edte poprat sami. Anebo pov\u011b\u0159it zb\u00fdvaj\u00edc\u00ed \u010dleny rodiny a pr\u00e1ci si rovnom\u011brn\u011bji rozd\u011blit.Co st\u011bhovac\u00ed firma nezajist\u00edParkov\u00e1n\u00ed \u2013 kdysi d\u00e1vno se v Praze parkovalo bez probl\u00e9m\u016f, prakticky sta\u010dilo naj\u00edt voln\u00e9 m\u00edsto p\u0159ed domem a to tam obvykle b\u00fdvalo. V osmdes\u00e1t\u00fdch letech a na po\u010d\u00e1tku let devades\u00e1t\u00fdch to skute\u010dn\u011b nebyl probl\u00e9m, ale dnes? Praha je doslova nacpan\u00e1 auty a parkov\u00e1n\u00ed se mus\u00ed zaji\u0161\u0165ovat s velk\u00fdm sebezap\u0159en\u00edm a nav\u00edc je placen\u00e9. St\u011bhovac\u00ed firma bude pot\u0159ebovat tak\u00e9 n\u011bkde zaparkovat jak na p\u016fvodn\u00edm stanovi\u0161ti, tak i na tom koncov\u00e9m, kam se st\u011bhujete. V\u00e1m nezb\u00fdv\u00e1 nic jin\u00e9ho, ne\u017e nav\u0161t\u00edvit m\u011bstsk\u00fd odbor dopravy ve va\u0161em obvod\u011b a minim\u00e1ln\u011b 30 dn\u016f p\u0159ed st\u011bhov\u00e1n\u00edm po\u017e\u00e1dat o placenou v\u00fdjimku. \u00da\u0159edn\u00edci v\u00e1m zpravidla vyhov\u00ed, ale po\u010d\u00edtejte s t\u011bmi t\u0159iceti dny lh\u016fty, kterou dle z\u00e1kona maj\u00ed na vy\u0159\u00edzen\u00ed \u017e\u00e1dosti.Administrativn\u00ed kole\u010dka \u2013 u mnoha pra\u017esk\u00fdch st\u011bhov\u00e1n\u00ed je nejobt\u00ed\u017en\u011bj\u0161\u00edm krokem zajistit tu administrativu kolem, tedy osobn\u011b vstoupit na p\u016fdu \u00fa\u0159ednickou a zaji\u0161\u0165ovat nov\u00e9 doklady (ob\u010dansk\u00fd a \u0159idi\u010dsk\u00fd pr\u016fkaz), nov\u00fd technick\u00fd pr\u016fkaz k va\u0161emu vozidlu, vypov\u011bzen\u00ed n\u00e1jemn\u00ed smlouvy a uzav\u0159en\u00ed nov\u00e9, vypov\u011bzen\u00ed smlouvy o dod\u00e1vce energi\u00ed a uzav\u0159en\u00ed nov\u00fdch smluv, v\u00fdb\u011br dodavatele energi\u00ed, p\u0159eplatky, nedoplatky a ode\u010dty m\u011b\u0159idel, ukon\u010den\u00ed \u010dinnosti v r\u016fzn\u00fdch organizac\u00edch \u010di klubech, zaji\u0161t\u011bn\u00ed administrativy ve \u0161kol\u00e1ch a v zam\u011bstn\u00e1n\u00ed atd. Bude toho a\u017e dost a obr\u0148te se \u0159\u00e1dnou trp\u011blivost\u00ed.                                                                                                                                                                                                                                                                                                                                                                                                  "},{"@context":"https:\/\/schema.org\/","@type":"BreadcrumbList","itemListElement":[{"@type":"ListItem","position":1,"name":"Co je u st\u011bhov\u00e1n\u00ed v Praze nejv\u011bt\u0161\u00ed probl\u00e9m","item":"https:\/\/www.gentoo.cz\/co-je-u-stehovani-v-praze-nejvetsi-problem\/#breadcrumbitem"}]}]