[{"@context":"https:\/\/schema.org\/","@type":"Article","@id":"https:\/\/www.gentoo.cz\/posezeni-nejen-v-lete-zahradni-altan-nabizi-vice\/#Article","mainEntityOfPage":"https:\/\/www.gentoo.cz\/posezeni-nejen-v-lete-zahradni-altan-nabizi-vice\/","headline":"Posezen\u00ed nejen v l\u00e9t\u011b: zahradn\u00ed alt\u00e1n nab\u00edz\u00ed v\u00edce!","name":"Posezen\u00ed nejen v l\u00e9t\u011b: zahradn\u00ed alt\u00e1n nab\u00edz\u00ed v\u00edce!","description":"Kdo by netou\u017eil po vlastn\u00ed zahr\u00e1dce? I ten, kdo by za nic na sv\u011bt\u011b nevym\u011bnil [&hellip;]","datePublished":"2021-09-04","dateModified":"2023-12-08","author":{"@type":"Person","@id":"https:\/\/www.gentoo.cz\/author\/devene\/#Person","name":"devene","url":"https:\/\/www.gentoo.cz\/author\/devene\/","identifier":1,"image":{"@type":"ImageObject","@id":"https:\/\/secure.gravatar.com\/avatar\/9514fe8d0d5bc6f8b5e285c47f6d71536ab35446ffb077fff11f6ca1fa8b00ce?s=96&d=mm&r=g","url":"https:\/\/secure.gravatar.com\/avatar\/9514fe8d0d5bc6f8b5e285c47f6d71536ab35446ffb077fff11f6ca1fa8b00ce?s=96&d=mm&r=g","height":96,"width":96}},"publisher":{"@type":"Organization","name":"gentoo.cz","logo":{"@type":"ImageObject","@id":"\/logo.png","url":"\/logo.png","width":600,"height":60}},"image":{"@type":"ImageObject","@id":"https:\/\/www.gentoo.cz\/wp-content\/uploads\/snow-gf8b97bd2b_640.jpg","url":"https:\/\/www.gentoo.cz\/wp-content\/uploads\/snow-gf8b97bd2b_640.jpg","height":0,"width":0},"url":"https:\/\/www.gentoo.cz\/posezeni-nejen-v-lete-zahradni-altan-nabizi-vice\/","about":["Moto"],"wordCount":442,"articleBody":"       Kdo by netou\u017eil po vlastn\u00ed zahr\u00e1dce? I ten, kdo by za nic na sv\u011bt\u011b nevym\u011bnil pohodln\u00e9 bydlen\u00ed v byt\u011b, kde se nemus\u00ed o t\u00e9m\u011b\u0159 nic starat, \u010das od \u010dasu zatou\u017e\u00ed po mo\u017enosti m\u00edt se kde za tepl\u00fdch letn\u00edch ve\u010der\u016f sej\u00edt s p\u0159\u00e1teli u grilovan\u00fdch pokrm\u016f, p\u0159\u00edpadn\u011b kde se polo\u017eit s knihou na leh\u00e1tko, pokud venkovn\u00ed teploty vystoupaj\u00ed do takov\u00e9 m\u00edry, \u017ee mezi \u010dty\u0159mi zdmi p\u0159estane b\u00fdt pobyt snesiteln\u00fd. N\u011bkter\u00fdm zahr\u00e1dk\u00e1m sta\u010d\u00ed \u0161ikovn\u011b rostl\u00fd strom a m\u00edsto k perfektn\u00edmu posezen\u00ed ve st\u00ednu je vybr\u00e1no. Jednotlivci \u010di mal\u00e9 rodin\u011b by mohl sta\u010dit pouh\u00fd slune\u010dn\u00edk, kter\u00fd m\u016f\u017eete dle pot\u0159eby st\u011bhovat na jak\u00e9koliv m\u00edsto. Co kdy\u017e ale p\u0159em\u00fd\u0161l\u00edte o n\u011b\u010dem trvalej\u0161\u00edm, co ustoj\u00ed vich\u0159ici a umo\u017en\u00ed venkovn\u00ed posezen\u00ed i v p\u0159\u00edpad\u011b nep\u0159\u00edzniv\u00e9ho po\u010das\u00ed? Potom je \u010das se poohl\u00e9dnout po tom spr\u00e1vn\u00e9m zahradn\u00edm alt\u00e1nu. Pokud v\u00e1s nel\u00e1k\u00e1 samov\u00fdroba, m\u016f\u017eete zvolit \u0159e\u0161en\u00ed ji\u017e hotov\u00fdch alt\u00e1n\u016f. Ujasn\u011bte si sv\u00e9 po\u017eadavky a sm\u011ble vyb\u00edrejte:D\u0159evo nebo kov? Oba materi\u00e1ly maj\u00ed sv\u00e1 specifika, z\u00e1le\u017e\u00ed na celkov\u00e9m stylu va\u0161\u00ed zahrady. Neexistuje hor\u0161\u00ed nebo lep\u0161\u00ed varianta &#8211; p\u0159i kvalitn\u00edm proveden\u00ed a adekv\u00e1tn\u00ed povrchov\u00e9 \u00faprav\u011b v\u00e1m oba materi\u00e1ly vydr\u017e\u00ed roky a p\u0159\u00edpadn\u00fd nov\u00fd n\u00e1t\u011br zvl\u00e1dnete snadno sami.L\u00e1tkov\u00fd baldach\u00fdn \u010di povl\u00e1vaj\u00edc\u00ed z\u00e1v\u011bsy d\u00e1vaj\u00ed alt\u00e1n\u016fm n\u00e1dech romantiky jako z poh\u00e1dky. Takov\u00fd alt\u00e1n je v\u0161ak pot\u0159eba adekv\u00e1tn\u011b zazimovat a po sez\u00f3n\u011b l\u00e1tku vyprat a uskladnit na such\u00e9m m\u00edst\u011b.  Bude alt\u00e1n st\u00e1t samostatn\u011b, nebo po p\u0159istav\u00edte t\u011bsn\u011b k domu \u010di jin\u00e9 zdi? Jedna pevn\u00e1 st\u011bna vytvo\u0159\u00ed z\u00e1v\u011bt\u0159\u00ed a mo\u017enost vzniku \u00falo\u017en\u00fdch prostor\u016f &#8211; snadno zde pak uskladn\u00edte pol\u0161t\u00e1\u0159e \u010di nezbytn\u00e9 grilovac\u00ed propriety. Pokud zvol\u00edte v\u011bt\u0161\u00ed rozm\u011br alt\u00e1nu, m\u016f\u017ee v n\u011bm vzniknout i \u00fa\u017easn\u00e1 letn\u00ed kuchy\u0148!Zahradn\u00ed alt\u00e1n 3x3m je skv\u011bl\u00fdm \u0159e\u0161en\u00edm pro rodinn\u00e9 posezen\u00ed a je ide\u00e1ln\u00ed pro stoly pravideln\u00fdch tvar\u016f, kter\u00e9 um\u00edst\u00edte uprost\u0159ed. Pokud se v\u0161ak r\u00e1di sch\u00e1z\u00edte s \u0161ir\u0161\u00edm kruhem p\u0159\u00e1tel \u010di m\u00e1te rodinu po\u010detn\u011bj\u0161\u00ed, u rozm\u011bru alt\u00e1nu ned\u011blejte kompromisy a zam\u011b\u0159te se rovnou na ty nejv\u011bt\u0161\u00ed.                                                                                                                                                                                                                                                                                                                                                                                                   "},{"@context":"https:\/\/schema.org\/","@type":"BreadcrumbList","itemListElement":[{"@type":"ListItem","position":1,"name":"Posezen\u00ed nejen v l\u00e9t\u011b: zahradn\u00ed alt\u00e1n nab\u00edz\u00ed v\u00edce!","item":"https:\/\/www.gentoo.cz\/posezeni-nejen-v-lete-zahradni-altan-nabizi-vice\/#breadcrumbitem"}]}]